{"id":1065,"date":"2013-04-09T12:09:19","date_gmt":"2013-04-09T11:09:19","guid":{"rendered":"http:\/\/www.claudia-klinger.de\/digidiary\/?p=1065"},"modified":"2013-04-09T12:14:30","modified_gmt":"2013-04-09T11:14:30","slug":"griechenland-im-jahr-4-der-krise-dirk-muller-macht-das-bessere-tv","status":"publish","type":"post","link":"https:\/\/www.claudia-klinger.de\/digidiary\/2013\/04\/09\/griechenland-im-jahr-4-der-krise-dirk-muller-macht-das-bessere-tv\/","title":{"rendered":"Griechenland im Jahr 4 der Krise &#8211; Dirk M\u00fcller macht das bessere TV"},"content":{"rendered":"<p>Auf Cashkurs.com, dem Magazin von Dirk M\u00fcller (Mr.Dax) steht eine <a href=\"http:\/\/www.cashkurs.com\/Detailansicht.80.0.html?&#038;cHash=233b346d3202b9ea088ea582ce76de38&#038;tx_t3blog_pi1%5BdaxBlogList%5D%5BshowUid%5D=13802\">sehr sehenswerte Video-Dokumentation<\/a> \u00fcber die Situation in Griechenland im 4.Jahr der Krise. Es werden ganz unterschiedliche Leute zu ihrer Situation und ihrer Sicht der Dinge befragt: Reeder, Lehrer, Arbeitslose, Immigranten, Anarchos, Mittelst\u00e4ndler und viele mehr. Es ergibt sich ein sehr komplexes Bild, das ich als sehr viel informativer empfinde als das, was wir so in unseren Mainstream-Medien \u00fcblicherweise zu sehen bekommen &#8211; jeweils auf einen spezifischen &#8222;Aufreger&#8220; verdichtet und massiv verk\u00fcrzt. <\/p>\n<p>Zum Video schreibt Dirk M\u00fcller:<\/p>\n<blockquote><p>&#8222;Wir versuchen ein m\u00f6glichst realistisches Bild der Situation zu malen, sind uns aber stets bewusst, dass es immer nur eine Momentaufnahme verschiedener subjektiver Meinungen sein kann. Dennoch haben wir uns um gr\u00f6\u00dftm\u00f6gliche Objektivit\u00e4t bem\u00fcht und alle sonst oft \u00fcblichen \u00dcberzeichnungen weggelassen. Ich finde, dass dabei eine sehr realistische und unaufgeregte Darstellung der Lage der Menschen in Griechenland gelungen ist. Das ganze Verbunden mit der Hoffnung, dem von vielen Interessensgruppen gesch\u00fcrten Konflikt zwischen Deutscher und Griechischer Bev\u00f6lkerung etwas entgegenzusetzen. Freundschaft und Respekt vor dem Menschen ist unser wichtigstes Ideal in Europa. Lassen wir uns bei allen sachlichen Themen diese Grundlagen nicht zerst\u00f6ren. &#8222;<\/p><\/blockquote>\n<p>Dem m\u00f6chte ich mich anschlie\u00dfen! Und hier gehts zum Video:<br \/>\n<a href=\"http:\/\/www.cashkurs.com\/Detailansicht.80.0.html?&#038;cHash=233b346d3202b9ea088ea582ce76de38&#038;tx_t3blog_pi1%5BdaxBlogList%5D%5BshowUid%5D=13802\">Athen &#8211; Schauplatz einer modernen griechischen Trag\u00f6die?<\/a><\/p>","protected":false},"excerpt":{"rendered":"<p>Auf Cashkurs.com, dem Magazin von Dirk M\u00fcller (Mr.Dax) steht eine sehr sehenswerte Video-Dokumentation \u00fcber die Situation in Griechenland im 4.Jahr der Krise. Es werden ganz unterschiedliche Leute zu ihrer Situation und ihrer Sicht der Dinge befragt: Reeder, Lehrer, Arbeitslose, Immigranten, Anarchos, Mittelst\u00e4ndler und viele mehr. Es ergibt sich ein sehr komplexes Bild, das ich als [&hellip;]<\/p>\n","protected":false},"author":1,"featured_media":0,"comment_status":"open","ping_status":"open","sticky":false,"template":"","format":"standard","meta":[],"categories":[8],"tags":[],"post_mailing_queue_ids":[],"_links":{"self":[{"href":"https:\/\/www.claudia-klinger.de\/digidiary\/wp-json\/wp\/v2\/posts\/1065"}],"collection":[{"href":"https:\/\/www.claudia-klinger.de\/digidiary\/wp-json\/wp\/v2\/posts"}],"about":[{"href":"https:\/\/www.claudia-klinger.de\/digidiary\/wp-json\/wp\/v2\/types\/post"}],"author":[{"embeddable":true,"href":"https:\/\/www.claudia-klinger.de\/digidiary\/wp-json\/wp\/v2\/users\/1"}],"replies":[{"embeddable":true,"href":"https:\/\/www.claudia-klinger.de\/digidiary\/wp-json\/wp\/v2\/comments?post=1065"}],"version-history":[{"count":0,"href":"https:\/\/www.claudia-klinger.de\/digidiary\/wp-json\/wp\/v2\/posts\/1065\/revisions"}],"wp:attachment":[{"href":"https:\/\/www.claudia-klinger.de\/digidiary\/wp-json\/wp\/v2\/media?parent=1065"}],"wp:term":[{"taxonomy":"category","embeddable":true,"href":"https:\/\/www.claudia-klinger.de\/digidiary\/wp-json\/wp\/v2\/categories?post=1065"},{"taxonomy":"post_tag","embeddable":true,"href":"https:\/\/www.claudia-klinger.de\/digidiary\/wp-json\/wp\/v2\/tags?post=1065"}],"curies":[{"name":"wp","href":"https:\/\/api.w.org\/{rel}","templated":true}]}}