{"id":1045,"date":"2013-03-11T15:16:40","date_gmt":"2013-03-11T14:16:40","guid":{"rendered":"http:\/\/www.claudia-klinger.de\/digidiary\/?p=1045"},"modified":"2013-03-11T15:20:12","modified_gmt":"2013-03-11T14:20:12","slug":"zum-tatort-mit-till-schweiger-doch-ganz-ok","status":"publish","type":"post","link":"https:\/\/www.claudia-klinger.de\/digidiary\/2013\/03\/11\/zum-tatort-mit-till-schweiger-doch-ganz-ok\/","title":{"rendered":"Zum TATORT mit Till Schweiger: doch ganz ok!"},"content":{"rendered":"<p>Als passionierte TATORT-Guckerin bin ich gestern positiv \u00fcberrascht worden: entgegen den Erwartungen war der Erstling mit dem neuen Hamburger Team Schweiger\/Yardim aus meiner Sicht ein Erfolg. Die vorab viel beschriebene &#8222;\u00c4ktschn&#8220; passte zur Story im Menschenhandel-Umfeld, Schweiger zeigte mehr als nur zwei Gesichtsausdr\u00fccke und machte eigentlich nichts falsch &#8211; und wow, sein Partner Fahri Yardim ist eine Entdeckung, die von Schweiger nicht etwa &#8222;\u00fcberstrahlt&#8220; wurde! Den fr\u00f6hlichen Typ, der aus dem Krankenbett heraus per Notebook die virtuelle Seite der Ermittlungen mit Bravour bew\u00e4ltigte und am Ende den &#8222;B\u00f6sen&#8220; mit Pfefferspray aus dem Rollstuhl heraus zur Strecke brachte, fand ich sehr sympathisch. Gleichzeitig bekam man einen Eindruck, wie allgegenw\u00e4rtig \u00dcberwachung sein kann!<br \/>\n<!--more--><br \/>\nGrunds\u00e4tzlich mag ich Krimis im Schwerkriminellen-Milieu nicht besonders. Menschen-, Drogen- und Waffenh\u00e4ndler finde ich als T\u00e4ter ziemlich uninteressant, ganz ebenso wie Geheimdienste und Terroristen. Psychologisch geben solche Rollen nichts her, weil bei ihnen meist alles klar und einfach ist. Keine inneren Konflikte, keine Gebrochenheiten und Ambivalenzen &#8211; zum G\u00e4hnen! <\/p>\n<p>Daf\u00fcr entsch\u00e4digt dann im besten Fall die rasante Handlung mit viel Action und &#8222;Rumgeblute&#8220;. Zum Gl\u00fcck blieb der TATORT sich immerhin soweit treu, dass es an Letzterem massive Kritik vom Vorgesetzten und der Staatsanw\u00e4ltin gab. Das Publikum konnte sich &#8211; davon unber\u00fchrt &#8211; der Genugtuung hingeben, dass es die Gangster hier mal richtig erwischt hat. Ein Empfinden, dessen Evokation ich nicht so toll finde, das aber immer wieder gern genutzt wird. <\/p>\n<p>Aber sch\u00f6n, dass Nick Tschiller es am Ende noch geschafft hat, seiner Tochter ein weiches Ei hinzustellen.  &#8222;Harte Typen&#8220; k\u00f6nnen nun mal nicht kochen, nicht mal ein Ei! Ein Klischee, um dessen Aufrechterhaltung sich dieser Tatort mit Erfolg verdient gemacht hat.<\/p>\n<p>Trotz alledem: langweilig war diese Folge nicht! Und dass Schweiger die &#8222;ernste Rolle&#8220; gut und glaubw\u00fcrdig gespielt hat, kann ich ihm g\u00f6nnen. Schlie\u00dflich hat er es nicht geschafft, den aus seiner Sicht erneuerungsbed\u00fcrftigen Vorspann zu ver\u00e4ndern &#8211; ein Ansinnen, das einen riesigen Shitstorm zur Folge hatte. IRGENDWAS wollen wir schlie\u00dflich behalten, ETWAS soll bleiben, wie es war &#8211; und wenn&#8217;s nur ein \u00f6ffentlich-rechtlicher Krimi-Vorspann ist! <\/p>","protected":false},"excerpt":{"rendered":"<p>Als passionierte TATORT-Guckerin bin ich gestern positiv \u00fcberrascht worden: entgegen den Erwartungen war der Erstling mit dem neuen Hamburger Team Schweiger\/Yardim aus meiner Sicht ein Erfolg. Die vorab viel beschriebene &#8222;\u00c4ktschn&#8220; passte zur Story im Menschenhandel-Umfeld, Schweiger zeigte mehr als nur zwei Gesichtsausdr\u00fccke und machte eigentlich nichts falsch &#8211; und wow, sein Partner Fahri Yardim [&hellip;]<\/p>\n","protected":false},"author":1,"featured_media":0,"comment_status":"open","ping_status":"open","sticky":false,"template":"","format":"standard","meta":[],"categories":[8],"tags":[308],"post_mailing_queue_ids":[],"_links":{"self":[{"href":"https:\/\/www.claudia-klinger.de\/digidiary\/wp-json\/wp\/v2\/posts\/1045"}],"collection":[{"href":"https:\/\/www.claudia-klinger.de\/digidiary\/wp-json\/wp\/v2\/posts"}],"about":[{"href":"https:\/\/www.claudia-klinger.de\/digidiary\/wp-json\/wp\/v2\/types\/post"}],"author":[{"embeddable":true,"href":"https:\/\/www.claudia-klinger.de\/digidiary\/wp-json\/wp\/v2\/users\/1"}],"replies":[{"embeddable":true,"href":"https:\/\/www.claudia-klinger.de\/digidiary\/wp-json\/wp\/v2\/comments?post=1045"}],"version-history":[{"count":0,"href":"https:\/\/www.claudia-klinger.de\/digidiary\/wp-json\/wp\/v2\/posts\/1045\/revisions"}],"wp:attachment":[{"href":"https:\/\/www.claudia-klinger.de\/digidiary\/wp-json\/wp\/v2\/media?parent=1045"}],"wp:term":[{"taxonomy":"category","embeddable":true,"href":"https:\/\/www.claudia-klinger.de\/digidiary\/wp-json\/wp\/v2\/categories?post=1045"},{"taxonomy":"post_tag","embeddable":true,"href":"https:\/\/www.claudia-klinger.de\/digidiary\/wp-json\/wp\/v2\/tags?post=1045"}],"curies":[{"name":"wp","href":"https:\/\/api.w.org\/{rel}","templated":true}]}}