{"id":1003,"date":"2013-01-28T16:06:05","date_gmt":"2013-01-28T15:06:05","guid":{"rendered":"http:\/\/www.claudia-klinger.de\/digidiary\/?p=1003"},"modified":"2013-01-28T16:06:05","modified_gmt":"2013-01-28T15:06:05","slug":"kurz-bemerkt-zu-jauch-in-sachen-aufschrei","status":"publish","type":"post","link":"https:\/\/www.claudia-klinger.de\/digidiary\/2013\/01\/28\/kurz-bemerkt-zu-jauch-in-sachen-aufschrei\/","title":{"rendered":"Kurz bemerkt: zu #Jauch in Sachen #aufschrei"},"content":{"rendered":"<p>Dazu zitiere ich jetzt einfach mal <a href=\"http:\/\/www.spreeblick.com\/2013\/01\/25\/aufschrei\/\">Johnny H\u00e4usler auf Spreeblick<\/a>, denn er bringt auf den Punkt, was ich auch h\u00e4tte sagen wollen:<\/p>\n<blockquote><p>&#8222;&#8230;.ein weiterer Vorwurf, die Debatte sei \u00fcberfl\u00fcssig, wurde von der Jauch-Ausgabe am Sonntag Abend in der ARD bravour\u00f6s widerlegt, als einmal mehr die Chance des Zuh\u00f6rens, m\u00f6glicherweise sogar der Suche nach L\u00f6sungen vertan wurde und die Generation Schenkelklopfer in Person von G\u00fcnther Jauch, Hellmut Karasek und Wibke Bruhns versuchten, ein wichtiges gesellschaftliches Thema ins L\u00e4cherliche zu ziehen, w\u00e4hrend Silvana Koch-Mehrin, eine \u00fcberraschend ruhige Alice Schwarzer und Anne Wizorek alias @marthadear (\u201cWir sind doch nicht von den B\u00e4umen heruntergekommen, um uns wieder dorthin zur\u00fcckzuziehen\u201d) wahrscheinlich am liebsten einen Facepalm-Zirkel gebildet h\u00e4tten ob der Ahnungslosigkeit, Ignoranz, Arroganz und reaktion\u00e4ren Haltung des Moderators und einem Teil seiner G\u00e4ste.&#8220;<\/p><\/blockquote>\n<p><strong>Wibke Bruhns<\/strong> tat sich u.a. dadurch hervor, dass sie M\u00e4nner, die NICHT diskriminieren und NICHT \u00fcbergriffig werden, mit Ochsen (=kastriert) verglich. Und eisig l\u00e4chelnd behauptete, die Zust\u00e4nde in Sachen sexueller Bel\u00e4stigung w\u00fcrden sich NIEMALS \u00e4ndern. Wie bescheuert! Es HAT sich schon einiges ge\u00e4ndert in den letzten 50 Jahren und auch jetzt schafft die neue, ungemein breit gef\u00fchrte Debatte Bewusstsein. Viele M\u00e4nner reflektieren das eigene Verhalten, es gibt jede Menge \u00f6ffentliche Auseinandersetzung und private Gespr\u00e4che. Auf viele Verk\u00fcrzungen folgen umfangreiche, differenzierende Artikel &#8211; und ich WETTE, speziell im beruflichen Sektor wird sich mancher Spr\u00fcche-Klopfer und Angrapscher jetzt zur\u00fcck nehmen. Nicht unbedingt aus Einsicht, aber aus Angst, dass \u00fcber derlei \u00dcbergriffigkeiten nicht mehr brav geschwiegen wird. Gut so!<\/p>\n<p>***<\/p>\n<ul>\n<li><a href=\"http:\/\/www.sueddeutsche.de\/medien\/tv-kritik-zu-guenther-jauch-mit-flachen-witzen-gegen-den-aufschrei-1.1584777\">&#8222;Enteierte&#8220; Diskussion: Mit flachen Witzen gegen den #aufschrei<\/a> &#8211; S\u00fcddeutsche.de;\n<\/li>\n<li>\n <a href=\"http:\/\/www.spiegel.de\/kultur\/tv\/guenther-jauch-sendung-zum-fall-bruederle-und-sexismus-a-879975.html\">Sexismus-Talk bei Jauch: Die Untoten der Geschlechterdebatte<\/a> &#8211; SPON;<\/li>\n<li><a href=\"http:\/\/www.taz.de\/!109910\/\">Sexismus wird zum Kriterium, an dem sich Machtm\u00e4nner messen m\u00fcssen<br \/>\nVon M\u00e4nnern, Stieren und Ochsen<\/a> &#8211; TAZ<\/li>\n<li><a href=\"http:\/\/www.faz.net\/aktuell\/feuilleton\/medien\/faz-net-fruehkritik\/fruehkritik-guenther-jauch-dirndl-bei-jauch-12041882.html\">#Dirndl bei #Jauch<\/a> &#8211; FAZ.net<\/li>\n<li><a href=\"http:\/\/www.webwriting-magazin.de\/vom-erfolg-des-mems-aufschrei-und-seiner-vorgeschichte\/\">Vom Erfolg des Mems \u201c#Aufschrei\u201d und seiner Vorgeschichte<\/a> &#8211; WWMAG (eigener Artikel)<\/li>\n<\/ul>","protected":false},"excerpt":{"rendered":"<p>Dazu zitiere ich jetzt einfach mal Johnny H\u00e4usler auf Spreeblick, denn er bringt auf den Punkt, was ich auch h\u00e4tte sagen wollen: &#8222;&#8230;.ein weiterer Vorwurf, die Debatte sei \u00fcberfl\u00fcssig, wurde von der Jauch-Ausgabe am Sonntag Abend in der ARD bravour\u00f6s widerlegt, als einmal mehr die Chance des Zuh\u00f6rens, m\u00f6glicherweise sogar der Suche nach L\u00f6sungen vertan [&hellip;]<\/p>\n","protected":false},"author":1,"featured_media":0,"comment_status":"open","ping_status":"open","sticky":false,"template":"","format":"standard","meta":[],"categories":[7,8],"tags":[],"post_mailing_queue_ids":[],"_links":{"self":[{"href":"https:\/\/www.claudia-klinger.de\/digidiary\/wp-json\/wp\/v2\/posts\/1003"}],"collection":[{"href":"https:\/\/www.claudia-klinger.de\/digidiary\/wp-json\/wp\/v2\/posts"}],"about":[{"href":"https:\/\/www.claudia-klinger.de\/digidiary\/wp-json\/wp\/v2\/types\/post"}],"author":[{"embeddable":true,"href":"https:\/\/www.claudia-klinger.de\/digidiary\/wp-json\/wp\/v2\/users\/1"}],"replies":[{"embeddable":true,"href":"https:\/\/www.claudia-klinger.de\/digidiary\/wp-json\/wp\/v2\/comments?post=1003"}],"version-history":[{"count":0,"href":"https:\/\/www.claudia-klinger.de\/digidiary\/wp-json\/wp\/v2\/posts\/1003\/revisions"}],"wp:attachment":[{"href":"https:\/\/www.claudia-klinger.de\/digidiary\/wp-json\/wp\/v2\/media?parent=1003"}],"wp:term":[{"taxonomy":"category","embeddable":true,"href":"https:\/\/www.claudia-klinger.de\/digidiary\/wp-json\/wp\/v2\/categories?post=1003"},{"taxonomy":"post_tag","embeddable":true,"href":"https:\/\/www.claudia-klinger.de\/digidiary\/wp-json\/wp\/v2\/tags?post=1003"}],"curies":[{"name":"wp","href":"https:\/\/api.w.org\/{rel}","templated":true}]}}